{"id":16630,"date":"2022-08-07T23:00:00","date_gmt":"2022-08-07T21:00:00","guid":{"rendered":"https:\/\/www.konsenylje.nl\/?p=16630"},"modified":"2022-08-13T09:51:00","modified_gmt":"2022-08-13T07:51:00","slug":"wallace-stevens-hieltyd-minder-minsklik-o-woeste-geast","status":"publish","type":"post","link":"https:\/\/www.konsenylje.nl\/?p=16630","title":{"rendered":"Wallace Stevens, <em>Hieltyd minder minsklik, o woeste geast<\/em>"},"content":{"rendered":"<p>&nbsp;<br \/>\n<big><em>Hieltyd minder minsklik, o woeste geast<\/em><\/big><\/p>\n<p>As der in god w\u00eaze moat yn h\u00fbs, w\u00eaze moat,<br \/>\nDy\u2019t op de trep en yn de keamers dingen seit,<\/p>\n<p>Lit him dan bewege sa\u2019t op de flier it sinneljocht<br \/>\nOf moanneljocht beweecht, swijend, as de skym fan Plato<\/p>\n<p>Of it skelet fan Aristoteles. Lit him syn stjerren<br \/>\nUthingje oan de muorre. Hy moat stil ferbliuw h\u00e2lde.<\/p>\n<p>Hy moat net prate kinne, sletten w\u00eaze, sa\u2019t sy binne:<br \/>\nSa\u2019t ljocht is, nettsjinsteande al syn beweging;<\/p>\n<p>Sa\u2019t kleur is, al hoe tichteby \u00fas ek;<br \/>\nSa\u2019t foarmen binne, ek al sizze dy \u00fas oan.<\/p>\n<p>It is de minske dy\u2019t de b\u00fbtensteander is,<br \/>\nDe minske dy\u2019t gjin neef hat op de moanne.<\/p>\n<p>It is de minske dy\u2019t syn spraak fan bisten<br \/>\nOf fan de \u00fbnmeidielsume massa begeart.<\/p>\n<p>As der in god w\u00eaze moat yn h\u00fbs, lit him ien w\u00eaze<br \/>\nDy\u2019t as wy prate \u00fas net heart: in koelte,<\/p>\n<p>In fermiljoene neatens, in stikje fan de massa<br \/>\nD\u00ear\u2019t wy te fier op \u00f4fst\u00e2n \u00fbnderdiel fan binne.<\/p>\n<p>&nbsp;<\/p>\n<p><big><em>Less and Less Human, O Savage Spirit<\/em><\/big><\/p>\n<p>If there must be a god in the house, must be,<br \/>\nSaying things in the rooms and on the stair,<\/p>\n<p>Let him move as the sunlight moves on the floor,<br \/>\nOr moonlight, silently, as Plato\u2019s ghost<\/p>\n<p>Or Aristotle\u2019s skeleton. Let him hang out<br \/>\nHis stars on the wall. He must dwell quietly.<\/p>\n<p>He must be incapable of speaking, closed,<br \/>\nAs those are: as light, for all its motion, is;<\/p>\n<p>As color, even the closest to us, is;<br \/>\nAs shapes, though they portend us, are.<\/p>\n<p>It is the human that is the alien,<br \/>\nThe human that has no cousin in the moon.<\/p>\n<p>It is the human that demands his speech<br \/>\nFrom beasts or from the incommunicable mass.<\/p>\n<p>If there must be a god in the house, let him be one<br \/>\nThat will not hear us when we speak: a coolness,<\/p>\n<p>A vermilioned nothingness, any stick of the mass<br \/>\nOf which we are too distantly a part.<\/p>\n<p>&nbsp;<\/p>\n<p>Ut <em>Transport to Summer<\/em>, 1947. YouTube: Wallace Stevens draacht \u2018Less and Less Human, <nobr>O Savage<\/nobr> Spirit\u2019 <nobr>foar, wierskynlik yn 1952 of 1954.<\/nobr><\/p>\n<p><iframe loading=\"lazy\" src=\"https:\/\/www.youtube-nocookie.com\/embed\/RQeqxZTJegI\" title=\"YouTube video player\" allow=\"accelerometer; autoplay; clipboard-write; encrypted-media; gyroscope; picture-in-picture\" allowfullscreen=\"\" width=\"448\" height=\"252\" frameborder=\"0\"><\/iframe><\/p>\n","protected":false},"excerpt":{"rendered":"<p>&nbsp; Hieltyd minder minsklik, o woeste geast As der in god w\u00eaze moat yn h\u00fbs, w\u00eaze moat, Dy\u2019t op de trep en yn de keamers dingen seit, Lit him dan bewege sa\u2019t op de flier it sinneljocht Of moanneljocht beweecht, &hellip; <a href=\"https:\/\/www.konsenylje.nl\/?p=16630\">Fierder l\u00eaze <span class=\"meta-nav\">&rarr;<\/span><\/a><\/p>\n","protected":false},"author":1,"featured_media":0,"comment_status":"closed","ping_status":"closed","sticky":false,"template":"","format":"standard","meta":{"footnotes":""},"categories":[216],"tags":[528],"class_list":["post-16630","post","type-post","status-publish","format-standard","hentry","category-wallace-stevens","tag-wallace-stevens"],"_links":{"self":[{"href":"https:\/\/www.konsenylje.nl\/index.php?rest_route=\/wp\/v2\/posts\/16630","targetHints":{"allow":["GET"]}}],"collection":[{"href":"https:\/\/www.konsenylje.nl\/index.php?rest_route=\/wp\/v2\/posts"}],"about":[{"href":"https:\/\/www.konsenylje.nl\/index.php?rest_route=\/wp\/v2\/types\/post"}],"author":[{"embeddable":true,"href":"https:\/\/www.konsenylje.nl\/index.php?rest_route=\/wp\/v2\/users\/1"}],"replies":[{"embeddable":true,"href":"https:\/\/www.konsenylje.nl\/index.php?rest_route=%2Fwp%2Fv2%2Fcomments&post=16630"}],"version-history":[{"count":7,"href":"https:\/\/www.konsenylje.nl\/index.php?rest_route=\/wp\/v2\/posts\/16630\/revisions"}],"predecessor-version":[{"id":16678,"href":"https:\/\/www.konsenylje.nl\/index.php?rest_route=\/wp\/v2\/posts\/16630\/revisions\/16678"}],"wp:attachment":[{"href":"https:\/\/www.konsenylje.nl\/index.php?rest_route=%2Fwp%2Fv2%2Fmedia&parent=16630"}],"wp:term":[{"taxonomy":"category","embeddable":true,"href":"https:\/\/www.konsenylje.nl\/index.php?rest_route=%2Fwp%2Fv2%2Fcategories&post=16630"},{"taxonomy":"post_tag","embeddable":true,"href":"https:\/\/www.konsenylje.nl\/index.php?rest_route=%2Fwp%2Fv2%2Ftags&post=16630"}],"curies":[{"name":"wp","href":"https:\/\/api.w.org\/{rel}","templated":true}]}}