{"id":17840,"date":"2023-11-12T11:00:00","date_gmt":"2023-11-12T10:00:00","guid":{"rendered":"https:\/\/www.konsenylje.nl\/?p=17840"},"modified":"2023-11-12T13:53:13","modified_gmt":"2023-11-12T12:53:13","slug":"georg-trakl-flustere-op-in-neimiddei","status":"publish","type":"post","link":"https:\/\/www.konsenylje.nl\/?p=17840","title":{"rendered":"Georg Trakl, <em>Fl\u00fastere yn \u2019e neimiddei<\/em>"},"content":{"rendered":"<p>&nbsp;<br \/>\n<big><em>Fl\u00fastere yn \u2019e neimiddei<\/em><\/big><\/p>\n<p>Sinne, hjerstich skraal en skou;<br \/>\nFruchten falle fan de t\u00fbken.<br \/>\nDizze lange middei l\u00fbke<br \/>\nStiltes gear yn romten blau.<\/p>\n<p>Stjerrensl\u00fbd fan stiel wurdt heard,<br \/>\nSnijt in wyt dier \u00f4f de amme.<br \/>\nRouwe sang fan brune fammen<br \/>\nIs ferwaaid mei fallend bl\u00ead.<\/p>\n<p>Foarholle dreamt kleuren Gods,<br \/>\nFielt fan waan de s\u00eafte wjukken.<br \/>\nSkaden oer de heuvel swikke,<br \/>\nSeame mei wat swarts en rots.<\/p>\n<p>Skimering fol r\u00east en wyn;<br \/>\nDr\u00f4f gitaarspul reauntet hinne.<br \/>\nBy de mylde lampe binnen<br \/>\nPleisterest yn dreameskyn.<\/p>\n<p>&nbsp;<\/p>\n<p><big><em>In den Nachmittag gefl\u00fcstert<\/em><\/big><\/p>\n<p>Sonne, herbstlich d\u00fcnn und zag,<br \/>\nUnd das Obst f\u00e4llt von den B\u00e4umen.<br \/>\nStille wohnt in blauen R\u00e4umen<br \/>\nEinen langen Nachmittag.<\/p>\n<p>Sterbekl\u00e4nge von Metall;<br \/>\nUnd ein wei\u00dfes Tier bricht nieder.<br \/>\nBrauner M\u00e4dchen rauhe Lieder<br \/>\nSind verweht im Bl\u00e4tterfall.<\/p>\n<p>Stirne Gottes Farben tr\u00e4umt,<br \/>\nSp\u00fcrt des Wahnsinns sanfte Fl\u00fcgel.<br \/>\nSchatten drehen sich am H\u00fcgel<br \/>\nVon Verwesung schwarz ums\u00e4umt.<\/p>\n<p>D\u00e4mmerung voll Ruh und Wein;<br \/>\nTraurige Guitarren rinnen.<br \/>\nUnd zur milden Lampe drinnen<br \/>\nKehrst du wie im Traume ein.<\/p>\n<p>&nbsp;<\/p>\n<p>Ut <em>Gedichte<\/em>, 1913<br \/>\n&nbsp;<\/p>\n","protected":false},"excerpt":{"rendered":"<p>&nbsp; Fl\u00fastere yn \u2019e neimiddei Sinne, hjerstich skraal en skou; Fruchten falle fan de t\u00fbken. Dizze lange middei l\u00fbke Stiltes gear yn romten blau. Stjerrensl\u00fbd fan stiel wurdt heard, Snijt in wyt dier \u00f4f de amme. Rouwe sang fan brune &hellip; <a href=\"https:\/\/www.konsenylje.nl\/?p=17840\">Continue reading <span class=\"meta-nav\">&rarr;<\/span><\/a><\/p>\n","protected":false},"author":1,"featured_media":0,"comment_status":"closed","ping_status":"closed","sticky":false,"template":"","format":"standard","meta":{"footnotes":""},"categories":[891],"tags":[892],"class_list":["post-17840","post","type-post","status-publish","format-standard","hentry","category-georg-trakl","tag-georg-trakl"],"_links":{"self":[{"href":"https:\/\/www.konsenylje.nl\/index.php?rest_route=\/wp\/v2\/posts\/17840","targetHints":{"allow":["GET"]}}],"collection":[{"href":"https:\/\/www.konsenylje.nl\/index.php?rest_route=\/wp\/v2\/posts"}],"about":[{"href":"https:\/\/www.konsenylje.nl\/index.php?rest_route=\/wp\/v2\/types\/post"}],"author":[{"embeddable":true,"href":"https:\/\/www.konsenylje.nl\/index.php?rest_route=\/wp\/v2\/users\/1"}],"replies":[{"embeddable":true,"href":"https:\/\/www.konsenylje.nl\/index.php?rest_route=%2Fwp%2Fv2%2Fcomments&post=17840"}],"version-history":[{"count":8,"href":"https:\/\/www.konsenylje.nl\/index.php?rest_route=\/wp\/v2\/posts\/17840\/revisions"}],"predecessor-version":[{"id":17852,"href":"https:\/\/www.konsenylje.nl\/index.php?rest_route=\/wp\/v2\/posts\/17840\/revisions\/17852"}],"wp:attachment":[{"href":"https:\/\/www.konsenylje.nl\/index.php?rest_route=%2Fwp%2Fv2%2Fmedia&parent=17840"}],"wp:term":[{"taxonomy":"category","embeddable":true,"href":"https:\/\/www.konsenylje.nl\/index.php?rest_route=%2Fwp%2Fv2%2Fcategories&post=17840"},{"taxonomy":"post_tag","embeddable":true,"href":"https:\/\/www.konsenylje.nl\/index.php?rest_route=%2Fwp%2Fv2%2Ftags&post=17840"}],"curies":[{"name":"wp","href":"https:\/\/api.w.org\/{rel}","templated":true}]}}